{"id":1007,"date":"2022-06-27T14:51:15","date_gmt":"2022-06-27T17:51:15","guid":{"rendered":"https:\/\/abji.com.br\/wp\/?p=1007"},"modified":"2022-06-27T14:59:37","modified_gmt":"2022-06-27T17:59:37","slug":"1oo-encontro-do-grupo-de-estudos-abji-judo-e-deficiencia-fisica","status":"publish","type":"post","link":"https:\/\/abji.com.br\/wp\/2022\/06\/27\/1oo-encontro-do-grupo-de-estudos-abji-judo-e-deficiencia-fisica\/","title":{"rendered":"1o\u00ba Encontro do Grupo de Estudos ABJI &#8211; Jud\u00f4 e Defici\u00eancia F\u00edsica"},"content":{"rendered":"\n<p>O 10\u00b0 Encontro Online do Grupo de Estudos da ABJI ser\u00e1 realizado no dia 03 de julho de 2022, das 09 \u00e0s 11h, no canal do YouTube d ABJI com o Jud\u00f4 e Defici\u00eancia F\u00edsica, e ser\u00e1 comandado pelos Professores Felipe Vasconcelos Luiz Fossati, S\u00e9rgio Matuzaki e Cleverson Fidelis.<\/p>\n\n\n\n<p>O encontro do grupo de estudos ser\u00e1 aberto para todos os interessados, com certificado gratuito.<\/p>\n\n\n\n<p>Inscri\u00e7\u00f5es no link:<\/p>\n\n\n\n<p><a href=\"https:\/\/www.sympla.com.br\/10-encontro-do-grupo-de-estudos---judo-e-deficiencia-fisica__1627615\" data-type=\"URL\" data-id=\"https:\/\/www.sympla.com.br\/10-encontro-do-grupo-de-estudos---judo-e-deficiencia-fisica__1627615\">https:\/\/www.sympla.com.br\/10-encontro-do-grupo-de-estudos&#8212;judo-e-deficiencia-fisica__1627615<\/a><\/p>\n\n\n\n<p><\/p>\n<div class=\"gsp_post_data\" \r\n\t            data-post_type=\"post\" \r\n\t            data-cat=\"noticias\" \r\n\t            data-modified=\"120\"\r\n\t            data-created=\"1656341475\"\r\n\t            data-title=\"1o\u00ba Encontro do Grupo de Estudos ABJI &#8211; Jud\u00f4 e Defici\u00eancia F\u00edsica\" \r\n\t            data-home=\"https:\/\/abji.com.br\/wp\"><\/div>","protected":false},"excerpt":{"rendered":"<p>O 10\u00b0 Encontro Online do Grupo de Estudos da ABJI ser\u00e1 realizado no dia 03 de julho de 2022, das 09 \u00e0s 11h, no canal do YouTube d ABJI com o Jud\u00f4 e Defici\u00eancia F\u00edsica. Leia Mais<\/p>\n","protected":false},"author":2,"featured_media":1008,"comment_status":"closed","ping_status":"open","sticky":false,"template":"","format":"standard","meta":{"_monsterinsights_skip_tracking":false,"_monsterinsights_sitenote_active":false,"_monsterinsights_sitenote_note":"","_monsterinsights_sitenote_category":0,"footnotes":""},"categories":[4],"tags":[8,17,11,10,12,35,31],"class_list":["post-1007","post","type-post","status-publish","format-standard","has-post-thumbnail","hentry","category-noticias","tag-abji","tag-encontro","tag-inclusivo","tag-judo","tag-judo-inclusivo","tag-parceria","tag-reuniao"],"_links":{"self":[{"href":"https:\/\/abji.com.br\/wp\/wp-json\/wp\/v2\/posts\/1007","targetHints":{"allow":["GET"]}}],"collection":[{"href":"https:\/\/abji.com.br\/wp\/wp-json\/wp\/v2\/posts"}],"about":[{"href":"https:\/\/abji.com.br\/wp\/wp-json\/wp\/v2\/types\/post"}],"author":[{"embeddable":true,"href":"https:\/\/abji.com.br\/wp\/wp-json\/wp\/v2\/users\/2"}],"replies":[{"embeddable":true,"href":"https:\/\/abji.com.br\/wp\/wp-json\/wp\/v2\/comments?post=1007"}],"version-history":[{"count":4,"href":"https:\/\/abji.com.br\/wp\/wp-json\/wp\/v2\/posts\/1007\/revisions"}],"predecessor-version":[{"id":1012,"href":"https:\/\/abji.com.br\/wp\/wp-json\/wp\/v2\/posts\/1007\/revisions\/1012"}],"wp:featuredmedia":[{"embeddable":true,"href":"https:\/\/abji.com.br\/wp\/wp-json\/wp\/v2\/media\/1008"}],"wp:attachment":[{"href":"https:\/\/abji.com.br\/wp\/wp-json\/wp\/v2\/media?parent=1007"}],"wp:term":[{"taxonomy":"category","embeddable":true,"href":"https:\/\/abji.com.br\/wp\/wp-json\/wp\/v2\/categories?post=1007"},{"taxonomy":"post_tag","embeddable":true,"href":"https:\/\/abji.com.br\/wp\/wp-json\/wp\/v2\/tags?post=1007"}],"curies":[{"name":"wp","href":"https:\/\/api.w.org\/{rel}","templated":true}]}}