{"id":1517,"date":"2023-03-06T21:54:13","date_gmt":"2023-03-07T00:54:13","guid":{"rendered":"https:\/\/abji.com.br\/wp\/?p=1517"},"modified":"2023-03-06T21:54:13","modified_gmt":"2023-03-07T00:54:13","slug":"capacitacao-nacional-de-judo-inclusivo-para-os-coordenadores-estaduais","status":"publish","type":"post","link":"https:\/\/abji.com.br\/wp\/2023\/03\/06\/capacitacao-nacional-de-judo-inclusivo-para-os-coordenadores-estaduais\/","title":{"rendered":"Capacita\u00e7\u00e3o Nacional de Jud\u00f4 Inclusivo para os coordenadores estaduais"},"content":{"rendered":"\n<p>\u00c9 com grande satisfa\u00e7\u00e3o, a Associa\u00e7\u00e3o Brasileira de Jud\u00f4 Inclusivo \u2013 ABJI, vem oferecer a CAPACITA\u00c7\u00c3O NACIONAL JUD\u00d4 INCLUSIVO para os coordenadores estaduais, no dia 11 de mar\u00e7o, s\u00e1bado, das 08:00h \u00e0s 12:00h, pela plataforma ZOOM, inteiramente gratuita. As inscri\u00e7\u00f5es dever\u00e3o ser feitas at\u00e9 o dia 06 de mar\u00e7o, segunda-feira, pelo link enviado as Federa\u00e7\u00f5es estaduais. Esta Capacita\u00e7\u00e3o faz parte das a\u00e7\u00f5es estrat\u00e9gicas para a promo\u00e7\u00e3o, desenvolvimento e padroniza\u00e7\u00e3o do jud\u00f4 inclusivo no Brasil. <\/p>\n\n\n\n<div data-wp-interactive=\"core\/file\" class=\"wp-block-file\"><object data-wp-bind--hidden=\"!state.hasPdfPreview\" hidden class=\"wp-block-file__embed\" data=\"https:\/\/abji.com.br\/wp\/wp-content\/uploads\/2023\/03\/CAPACITACAO-NACIONAL-DE-JUDO-INCLUSIVO-2023.pdf\" type=\"application\/pdf\" style=\"width:100%;height:600px\" aria-label=\"Incorporado de CAPACITA\u00c7\u00c3O NACIONAL DE JUD\u00d4 INCLUSIVO 2023.\"><\/object><a id=\"wp-block-file--media-f11063e4-62f4-4568-b4fa-1dd804c1845d\" href=\"https:\/\/abji.com.br\/wp\/wp-content\/uploads\/2023\/03\/CAPACITACAO-NACIONAL-DE-JUDO-INCLUSIVO-2023.pdf\">CAPACITA\u00c7\u00c3O NACIONAL DE JUD\u00d4 INCLUSIVO 2023<\/a><a href=\"https:\/\/abji.com.br\/wp\/wp-content\/uploads\/2023\/03\/CAPACITACAO-NACIONAL-DE-JUDO-INCLUSIVO-2023.pdf\" class=\"wp-block-file__button wp-element-button\" download aria-describedby=\"wp-block-file--media-f11063e4-62f4-4568-b4fa-1dd804c1845d\">Baixar<\/a><\/div>\n<div class=\"gsp_post_data\" \r\n\t            data-post_type=\"post\" \r\n\t            data-cat=\"noticias\" \r\n\t            data-modified=\"120\"\r\n\t            data-created=\"1678139653\"\r\n\t            data-title=\"Capacita\u00e7\u00e3o Nacional de Jud\u00f4 Inclusivo para os coordenadores estaduais\" \r\n\t            data-home=\"https:\/\/abji.com.br\/wp\"><\/div>","protected":false},"excerpt":{"rendered":"<p>\u00c9 com grande satisfa\u00e7\u00e3o, a Associa\u00e7\u00e3o Brasileira de Jud\u00f4 Inclusivo \u2013 ABJI, vem oferecer a CAPACITA\u00c7\u00c3O NACIONAL JUD\u00d4 INCLUSIVO para os coordenadores estaduais. (Leia Mais)<\/p>\n","protected":false},"author":2,"featured_media":1519,"comment_status":"closed","ping_status":"open","sticky":false,"template":"","format":"standard","meta":{"_monsterinsights_skip_tracking":false,"_monsterinsights_sitenote_active":false,"_monsterinsights_sitenote_note":"","_monsterinsights_sitenote_category":0,"footnotes":""},"categories":[4],"tags":[8,17,20,11,10,12,35,31],"class_list":["post-1517","post","type-post","status-publish","format-standard","has-post-thumbnail","hentry","category-noticias","tag-abji","tag-encontro","tag-grupo-de-estudos","tag-inclusivo","tag-judo","tag-judo-inclusivo","tag-parceria","tag-reuniao"],"_links":{"self":[{"href":"https:\/\/abji.com.br\/wp\/wp-json\/wp\/v2\/posts\/1517","targetHints":{"allow":["GET"]}}],"collection":[{"href":"https:\/\/abji.com.br\/wp\/wp-json\/wp\/v2\/posts"}],"about":[{"href":"https:\/\/abji.com.br\/wp\/wp-json\/wp\/v2\/types\/post"}],"author":[{"embeddable":true,"href":"https:\/\/abji.com.br\/wp\/wp-json\/wp\/v2\/users\/2"}],"replies":[{"embeddable":true,"href":"https:\/\/abji.com.br\/wp\/wp-json\/wp\/v2\/comments?post=1517"}],"version-history":[{"count":1,"href":"https:\/\/abji.com.br\/wp\/wp-json\/wp\/v2\/posts\/1517\/revisions"}],"predecessor-version":[{"id":1521,"href":"https:\/\/abji.com.br\/wp\/wp-json\/wp\/v2\/posts\/1517\/revisions\/1521"}],"wp:featuredmedia":[{"embeddable":true,"href":"https:\/\/abji.com.br\/wp\/wp-json\/wp\/v2\/media\/1519"}],"wp:attachment":[{"href":"https:\/\/abji.com.br\/wp\/wp-json\/wp\/v2\/media?parent=1517"}],"wp:term":[{"taxonomy":"category","embeddable":true,"href":"https:\/\/abji.com.br\/wp\/wp-json\/wp\/v2\/categories?post=1517"},{"taxonomy":"post_tag","embeddable":true,"href":"https:\/\/abji.com.br\/wp\/wp-json\/wp\/v2\/tags?post=1517"}],"curies":[{"name":"wp","href":"https:\/\/api.w.org\/{rel}","templated":true}]}}