{"id":1776,"date":"2024-07-06T22:06:37","date_gmt":"2024-07-07T01:06:37","guid":{"rendered":"https:\/\/abji.com.br\/wp\/?p=1776"},"modified":"2024-07-06T22:06:37","modified_gmt":"2024-07-07T01:06:37","slug":"2o-modulo-da-capacitacao-nacional-de-judo-inclusivo","status":"publish","type":"post","link":"https:\/\/abji.com.br\/wp\/2024\/07\/06\/2o-modulo-da-capacitacao-nacional-de-judo-inclusivo\/","title":{"rendered":"2\u00ba M\u00d3DULO DA CAPACITA\u00c7\u00c3O NACIONAL DE JUD\u00d4 INCLUSIVO"},"content":{"rendered":"\n<p>Dia 12 de julho, sexta-feira, \u00e0s 20:30h, ser\u00e1 realizado M\u00f3dulo 2 da CAPACITA\u00c7\u00c3O NACIONAL DE JUD\u00d4 INCLUSIVO, online, onde ser\u00e3o abordadas as Regras de Competi\u00e7\u00e3o do Jud\u00f4 Inclusivo.<\/p>\n\n\n\n<p>Os \u00c1rbitros Laedson Lopes (FIJ A), Chuno Mesquita (FIJ A) e Eduardo Nascimento (FIJ B) estar\u00e3o apresentando as regras utilizadas nas competi\u00e7\u00f5es, dando sequ\u00eancia ao M\u00f3dulo 1.<\/p>\n\n\n\n<p>As inscri\u00e7\u00f5es v\u00e3o at\u00e9 o dia 10 de julho, inteiramente gratuitas. Contamos com a sua participa\u00e7\u00e3o, mesmo que voc\u00ea n\u00e3o tenha feito o M\u00f3dulo 1.<\/p>\n\n\n\n<p>Link de inscri\u00e7\u00e3o:<\/p>\n\n\n\n<p><a href=\"https:\/\/docs.google.com\/forms\/d\/e\/1FAIpQLScz_Y79pu3xSGBa91VT3fREq89Dz1rfbmgim22JiSbD2CE0dA\/viewform\">https:\/\/docs.google.com\/forms\/d\/e\/1FAIpQLScz_Y79pu3xSGBa91VT3fREq89Dz1rfbmgim22JiSbD2CE0dA\/viewform<\/a><\/p>\n\n\n\n<figure class=\"wp-block-image size-large\"><img loading=\"lazy\" decoding=\"async\" width=\"1024\" height=\"1024\" src=\"https:\/\/abji.com.br\/wp\/wp-content\/uploads\/2024\/07\/Imagem-do-WhatsApp-de-2024-07-05-as-10.22.02_a08b3b74-1024x1024.jpg\" alt=\"\" class=\"wp-image-1778\" srcset=\"https:\/\/abji.com.br\/wp\/wp-content\/uploads\/2024\/07\/Imagem-do-WhatsApp-de-2024-07-05-as-10.22.02_a08b3b74-1024x1024.jpg 1024w, https:\/\/abji.com.br\/wp\/wp-content\/uploads\/2024\/07\/Imagem-do-WhatsApp-de-2024-07-05-as-10.22.02_a08b3b74-300x300.jpg 300w, https:\/\/abji.com.br\/wp\/wp-content\/uploads\/2024\/07\/Imagem-do-WhatsApp-de-2024-07-05-as-10.22.02_a08b3b74-150x150.jpg 150w, https:\/\/abji.com.br\/wp\/wp-content\/uploads\/2024\/07\/Imagem-do-WhatsApp-de-2024-07-05-as-10.22.02_a08b3b74-768x768.jpg 768w, https:\/\/abji.com.br\/wp\/wp-content\/uploads\/2024\/07\/Imagem-do-WhatsApp-de-2024-07-05-as-10.22.02_a08b3b74.jpg 1080w\" sizes=\"auto, (max-width: 1024px) 100vw, 1024px\" \/><\/figure>\n<div class=\"gsp_post_data\" \r\n\t            data-post_type=\"post\" \r\n\t            data-cat=\"noticias\" \r\n\t            data-modified=\"120\"\r\n\t            data-created=\"1720303597\"\r\n\t            data-title=\"2\u00ba M\u00d3DULO DA CAPACITA\u00c7\u00c3O NACIONAL DE JUD\u00d4 INCLUSIVO\" \r\n\t            data-home=\"https:\/\/abji.com.br\/wp\"><\/div>","protected":false},"excerpt":{"rendered":"<p>Dia 12 de julho, sexta-feira, \u00e0s 20:30h, ser\u00e1 realizado M\u00f3dulo 2 da CAPACITA\u00c7\u00c3O NACIONAL DE JUD\u00d4 INCLUSIVO, online, onde ser\u00e3o abordadas as Regras de Competi\u00e7\u00e3o do Jud\u00f4 Inclusivo.<\/p>\n","protected":false},"author":2,"featured_media":1777,"comment_status":"closed","ping_status":"open","sticky":false,"template":"","format":"standard","meta":{"_monsterinsights_skip_tracking":false,"_monsterinsights_sitenote_active":false,"_monsterinsights_sitenote_note":"","_monsterinsights_sitenote_category":0,"footnotes":""},"categories":[4],"tags":[8,17,11,10,12,35,31],"class_list":["post-1776","post","type-post","status-publish","format-standard","has-post-thumbnail","hentry","category-noticias","tag-abji","tag-encontro","tag-inclusivo","tag-judo","tag-judo-inclusivo","tag-parceria","tag-reuniao"],"_links":{"self":[{"href":"https:\/\/abji.com.br\/wp\/wp-json\/wp\/v2\/posts\/1776","targetHints":{"allow":["GET"]}}],"collection":[{"href":"https:\/\/abji.com.br\/wp\/wp-json\/wp\/v2\/posts"}],"about":[{"href":"https:\/\/abji.com.br\/wp\/wp-json\/wp\/v2\/types\/post"}],"author":[{"embeddable":true,"href":"https:\/\/abji.com.br\/wp\/wp-json\/wp\/v2\/users\/2"}],"replies":[{"embeddable":true,"href":"https:\/\/abji.com.br\/wp\/wp-json\/wp\/v2\/comments?post=1776"}],"version-history":[{"count":1,"href":"https:\/\/abji.com.br\/wp\/wp-json\/wp\/v2\/posts\/1776\/revisions"}],"predecessor-version":[{"id":1779,"href":"https:\/\/abji.com.br\/wp\/wp-json\/wp\/v2\/posts\/1776\/revisions\/1779"}],"wp:featuredmedia":[{"embeddable":true,"href":"https:\/\/abji.com.br\/wp\/wp-json\/wp\/v2\/media\/1777"}],"wp:attachment":[{"href":"https:\/\/abji.com.br\/wp\/wp-json\/wp\/v2\/media?parent=1776"}],"wp:term":[{"taxonomy":"category","embeddable":true,"href":"https:\/\/abji.com.br\/wp\/wp-json\/wp\/v2\/categories?post=1776"},{"taxonomy":"post_tag","embeddable":true,"href":"https:\/\/abji.com.br\/wp\/wp-json\/wp\/v2\/tags?post=1776"}],"curies":[{"name":"wp","href":"https:\/\/api.w.org\/{rel}","templated":true}]}}