{"id":1812,"date":"2024-08-11T20:07:03","date_gmt":"2024-08-11T23:07:03","guid":{"rendered":"https:\/\/abji.com.br\/wp\/?p=1812"},"modified":"2024-08-11T20:07:19","modified_gmt":"2024-08-11T23:07:19","slug":"a-associacao-brasileira-de-judo-inclusivo-presta-sua-homenagem-ao-nosso-amigo-sensei-edilson-hobold","status":"publish","type":"post","link":"https:\/\/abji.com.br\/wp\/2024\/08\/11\/a-associacao-brasileira-de-judo-inclusivo-presta-sua-homenagem-ao-nosso-amigo-sensei-edilson-hobold\/","title":{"rendered":"A Associa\u00e7\u00e3o Brasileira de Jud\u00f4 Inclusivo presta sua homenagem ao nosso amigo Sensei Edilson Hobold"},"content":{"rendered":"\n<p>A Associa\u00e7\u00e3o Brasileira de Jud\u00f4 Inclusivo presta sua homenagem ao nosso amigo Sensei Edilson Hobold, da Federa\u00e7\u00e3o Paranaense de Jud\u00f4, um dos passageiros do tr\u00e1gico acidente a\u00e9reo em Vinhedo\/SP, no dia 09\/8. O Prof. Dr. Edilson Hobold, professor universit\u00e1rio do Curso de Educa\u00e7\u00e3o F\u00edsica da Universidade Estadual Oeste do Paran\u00e1, Faixa vermelha e branca, 6\u00ba DAN, \u00c1rbitro Internacional FIJ A.<\/p>\n\n\n\n<p>Foi uma presen\u00e7a marcante na arbitragem nacional e internacional, com sua compet\u00eancia t\u00e9cnica e humana, com sobriedade e companheirismo, sempre disposto a ajudar os companheiros que atuavam ao seu lado. O Jud\u00f4 brasileiro agradece a sua valiosa contribui\u00e7\u00e3o.<\/p>\n\n\n\n<p>Que Deus, em sua infinita bondade, receba o nosso amigo e console a fam\u00edlia e os amigos. &nbsp;<\/p>\n<div class=\"gsp_post_data\" \r\n\t            data-post_type=\"post\" \r\n\t            data-cat=\"noticias\" \r\n\t            data-modified=\"120\"\r\n\t            data-created=\"1723406823\"\r\n\t            data-title=\"A Associa\u00e7\u00e3o Brasileira de Jud\u00f4 Inclusivo presta sua homenagem ao nosso amigo Sensei Edilson Hobold\" \r\n\t            data-home=\"https:\/\/abji.com.br\/wp\"><\/div>","protected":false},"excerpt":{"rendered":"<p>A Associa\u00e7\u00e3o Brasileira de Jud\u00f4 Inclusivo presta sua homenagem ao nosso amigo Sensei Edilson Hobold, da Federa\u00e7\u00e3o Paranaense de Jud\u00f4,<\/p>\n","protected":false},"author":2,"featured_media":1558,"comment_status":"closed","ping_status":"open","sticky":false,"template":"","format":"standard","meta":{"_monsterinsights_skip_tracking":false,"_monsterinsights_sitenote_active":false,"_monsterinsights_sitenote_note":"","_monsterinsights_sitenote_category":0,"footnotes":""},"categories":[4],"tags":[8,11,10,12,35],"class_list":["post-1812","post","type-post","status-publish","format-standard","has-post-thumbnail","hentry","category-noticias","tag-abji","tag-inclusivo","tag-judo","tag-judo-inclusivo","tag-parceria"],"_links":{"self":[{"href":"https:\/\/abji.com.br\/wp\/wp-json\/wp\/v2\/posts\/1812","targetHints":{"allow":["GET"]}}],"collection":[{"href":"https:\/\/abji.com.br\/wp\/wp-json\/wp\/v2\/posts"}],"about":[{"href":"https:\/\/abji.com.br\/wp\/wp-json\/wp\/v2\/types\/post"}],"author":[{"embeddable":true,"href":"https:\/\/abji.com.br\/wp\/wp-json\/wp\/v2\/users\/2"}],"replies":[{"embeddable":true,"href":"https:\/\/abji.com.br\/wp\/wp-json\/wp\/v2\/comments?post=1812"}],"version-history":[{"count":1,"href":"https:\/\/abji.com.br\/wp\/wp-json\/wp\/v2\/posts\/1812\/revisions"}],"predecessor-version":[{"id":1813,"href":"https:\/\/abji.com.br\/wp\/wp-json\/wp\/v2\/posts\/1812\/revisions\/1813"}],"wp:featuredmedia":[{"embeddable":true,"href":"https:\/\/abji.com.br\/wp\/wp-json\/wp\/v2\/media\/1558"}],"wp:attachment":[{"href":"https:\/\/abji.com.br\/wp\/wp-json\/wp\/v2\/media?parent=1812"}],"wp:term":[{"taxonomy":"category","embeddable":true,"href":"https:\/\/abji.com.br\/wp\/wp-json\/wp\/v2\/categories?post=1812"},{"taxonomy":"post_tag","embeddable":true,"href":"https:\/\/abji.com.br\/wp\/wp-json\/wp\/v2\/tags?post=1812"}],"curies":[{"name":"wp","href":"https:\/\/api.w.org\/{rel}","templated":true}]}}