{"id":212,"date":"2020-12-03T01:04:00","date_gmt":"2020-12-03T04:04:00","guid":{"rendered":"https:\/\/abji.com.br\/wp\/?p=212"},"modified":"2021-06-29T22:31:02","modified_gmt":"2021-06-30T01:31:02","slug":"cbj-recebe-visita-de-representantes-do-judo-paralimpico-e-inclusivo-entre-eles-o-multicampeao-antonio-tenorio","status":"publish","type":"post","link":"https:\/\/abji.com.br\/wp\/2020\/12\/03\/cbj-recebe-visita-de-representantes-do-judo-paralimpico-e-inclusivo-entre-eles-o-multicampeao-antonio-tenorio\/","title":{"rendered":"CBJ recebe visita de representantes do jud\u00f4 paral\u00edmpico e inclusivo, entre eles, o multicampe\u00e3o Ant\u00f4nio Ten\u00f3rio"},"content":{"rendered":"\n<h4 class=\"wp-block-heading\">Atletas de Jud\u00f4 Para Todos e Paral\u00edmpicos foram recebidos pelo presidente da Confedera\u00e7\u00e3o, Silvio Ac\u00e1cio Borges, na v\u00e9spera do Dia Internacional da Pessoa com Defici\u00eancia.<\/h4>\n\n\n\n<p>Nesta quinta-feira, 03, \u00e9 celebrado o Dia Internacional da Pessoa com Defici\u00eancia e, para comemorar uma data t\u00e3o especial, a Confedera\u00e7\u00e3o Brasileira de Jud\u00f4 recebeu a visita de grandes atletas do jud\u00f4 Paral\u00edmpico e do Jud\u00f4 Para Todos. A comitiva liderada pelo multicampe\u00e3o paral\u00edmpico e lenda do Jud\u00f4, Antonio Ten\u00f3rio, foi recebida pelo presidente da CBJ, Silvio Ac\u00e1cio Borges na sede da Confedera\u00e7\u00e3o, no Rio de Janeiro, na quarta-feira, 02. \u00a0<\/p>\n\n\n\n<p>Al\u00e9m deles, participaram do encontro o campe\u00e3o mundial de Jud\u00f4 Para Todos, Jo\u00e3o Victor Ferreira, ouro em 2017 no Mundial de Jud\u00f4 para pessoas com defici\u00eancia intelectual; o judoca carioca Guilherme Paiva Queiroga da Silva, tamb\u00e9m representante do Jud\u00f4 Para Todos; e o judoca paral\u00edmpico paraense Melqu\u00edades Miranda do Nascimento, al\u00e9m de familiares dos atletas e do presidente da Federa\u00e7\u00e3o de Jud\u00f4 do Estado do Rio de Janeiro, Jucinei Costa. <\/p>\n\n\n\n<p>A CBJ apoia e reconhece o Jud\u00f4 Para Todos como uma importante ferramenta educacional e de inclus\u00e3o social de pessoas com defici\u00eancia. Diversos estudos j\u00e1 demonstraram que a pr\u00e1tica do jud\u00f4 contribui de maneira relevante para o desenvolvimento de jovens e crian\u00e7as PCD. Portanto, hoje e sempre, \u00e9 dia de incentivar e celebrar a inclus\u00e3o e dar um #IpponNoPreconceito.\u00a0<\/p>\n\n\n\n<p>O\u00a0<strong>dia internacional das pessoas com defici\u00eancia<\/strong>\u00a0(<a href=\"https:\/\/pt.wikipedia.org\/wiki\/3_de_dezembro\">3 de dezembro<\/a>) \u00e9 uma data comemorativa internacional promovida pelas\u00a0<a href=\"https:\/\/pt.wikipedia.org\/wiki\/ONU\">Na\u00e7\u00f5es Unidas<\/a>\u00a0desde 1992, com o objetivo de promover uma maior compreens\u00e3o dos assuntos concernentes \u00e0\u00a0<a href=\"https:\/\/pt.wikipedia.org\/wiki\/Defici%C3%AAncia\">defici\u00eancia<\/a>\u00a0e para mobilizar a defesa da dignidade, dos direitos e o bem estar das pessoas. Procura tamb\u00e9m aumentar a consci\u00eancia dos benef\u00edcios trazidos pela inclus\u00e3o das pessoas com defici\u00eancia em cada aspecto da vida pol\u00edtica, social, econ\u00f4mica e cultural.<\/p>\n\n\n\n<p>Fonte: <a href=\"https:\/\/cbj.com.br\/noticias\/7454\/cbj-recebe-visita-de-representantes-do-judo-paralimpico-e-inclusivo-entre-eles-o-multicampeao-antonio-tenorio.html\" target=\"_blank\" rel=\"noreferrer noopener\">CBJ<\/a><\/p>\n<div class=\"gsp_post_data\" \r\n\t            data-post_type=\"post\" \r\n\t            data-cat=\"noticias\" \r\n\t            data-modified=\"120\"\r\n\t            data-created=\"1606957440\"\r\n\t            data-title=\"CBJ recebe visita de representantes do jud\u00f4 paral\u00edmpico e inclusivo, entre eles, o multicampe\u00e3o Ant\u00f4nio Ten\u00f3rio\" \r\n\t            data-home=\"https:\/\/abji.com.br\/wp\"><\/div>","protected":false},"excerpt":{"rendered":"<p>tletas de Jud\u00f4 Para Todos e Paral\u00edmpicos foram recebidos pelo presidente da Confedera\u00e7\u00e3o, Silvio Ac\u00e1cio Borges, na v\u00e9spera do Dia Internacional da Pessoa com Defici\u00eancia. (Leia Mais)<\/p>\n","protected":false},"author":2,"featured_media":213,"comment_status":"open","ping_status":"open","sticky":false,"template":"","format":"standard","meta":{"_monsterinsights_skip_tracking":false,"_monsterinsights_sitenote_active":false,"_monsterinsights_sitenote_note":"","_monsterinsights_sitenote_category":0,"footnotes":""},"categories":[4],"tags":[25,10,26,27],"class_list":["post-212","post","type-post","status-publish","format-standard","has-post-thumbnail","hentry","category-noticias","tag-cbj","tag-judo","tag-paralimpico","tag-visita"],"_links":{"self":[{"href":"https:\/\/abji.com.br\/wp\/wp-json\/wp\/v2\/posts\/212","targetHints":{"allow":["GET"]}}],"collection":[{"href":"https:\/\/abji.com.br\/wp\/wp-json\/wp\/v2\/posts"}],"about":[{"href":"https:\/\/abji.com.br\/wp\/wp-json\/wp\/v2\/types\/post"}],"author":[{"embeddable":true,"href":"https:\/\/abji.com.br\/wp\/wp-json\/wp\/v2\/users\/2"}],"replies":[{"embeddable":true,"href":"https:\/\/abji.com.br\/wp\/wp-json\/wp\/v2\/comments?post=212"}],"version-history":[{"count":1,"href":"https:\/\/abji.com.br\/wp\/wp-json\/wp\/v2\/posts\/212\/revisions"}],"predecessor-version":[{"id":214,"href":"https:\/\/abji.com.br\/wp\/wp-json\/wp\/v2\/posts\/212\/revisions\/214"}],"wp:featuredmedia":[{"embeddable":true,"href":"https:\/\/abji.com.br\/wp\/wp-json\/wp\/v2\/media\/213"}],"wp:attachment":[{"href":"https:\/\/abji.com.br\/wp\/wp-json\/wp\/v2\/media?parent=212"}],"wp:term":[{"taxonomy":"category","embeddable":true,"href":"https:\/\/abji.com.br\/wp\/wp-json\/wp\/v2\/categories?post=212"},{"taxonomy":"post_tag","embeddable":true,"href":"https:\/\/abji.com.br\/wp\/wp-json\/wp\/v2\/tags?post=212"}],"curies":[{"name":"wp","href":"https:\/\/api.w.org\/{rel}","templated":true}]}}