{"id":223,"date":"2021-06-02T22:49:00","date_gmt":"2021-06-03T01:49:00","guid":{"rendered":"https:\/\/abji.com.br\/wp\/?p=223"},"modified":"2021-06-29T22:50:48","modified_gmt":"2021-06-30T01:50:48","slug":"abji-realiza-reuniao-online-para-planejamento-de-acoes-do-judo-inclusivo","status":"publish","type":"post","link":"https:\/\/abji.com.br\/wp\/2021\/06\/02\/abji-realiza-reuniao-online-para-planejamento-de-acoes-do-judo-inclusivo\/","title":{"rendered":"ABJI realiza reuni\u00e3o online para planejamento de a\u00e7\u00f5es do jud\u00f4 inclusivo"},"content":{"rendered":"\n<p>A Associa\u00e7\u00e3o Brasileira de Jud\u00f4 Inclusivo (ABJI) ap\u00f3s passar pelo per\u00edodo de luto pelo falecimento do presidente sensei Giovani Ferreira, realizou no \u00faltimo s\u00e1bado, 29 de maio, uma reuni\u00e3o on-line com a participa\u00e7\u00e3o de toda diretoria, pais, alunos, professores e familiares, para a retomada das a\u00e7\u00f5es e an\u00fancio\u00a0 das pr\u00f3ximas a\u00e7\u00f5es em prol do jud\u00f4 inclusivo.\u00a0<\/p>\n\n\n\n<p>A reuni\u00e3o foi muito elogiada pelos participantes e a ABJI segue seu trabalho, com um alicerce forte, buscando parcerias privadas e a regulamenta\u00e7\u00e3o do jud\u00f4 inclusivo juntos \u00e0s institui\u00e7\u00f5es nacionais e internacionais.<\/p>\n\n\n\n<p>Foram apresentadas as inten\u00e7\u00f5es e a proposta de cria\u00e7\u00e3o do portal da entidade (site).<\/p>\n\n\n\n<p>Como diria o eterno presidente sensei Giovani Ferreira: \u201cA vida \u00e9 para ser bonita para todos\u201d.<\/p>\n\n\n\n<p><strong><a rel=\"noreferrer noopener\" href=\"https:\/\/drive.google.com\/file\/d\/1aHSc21CXtWuHk8qeCFdMXMnVbKm_NUAi\/view?usp=sharing\" target=\"_blank\">Clique aqui<\/a><\/strong>\u00a0e confira o planejamento da ABJI na \u00edntegra.<\/p>\n\n\n\n<p>Fonte: <a href=\"https:\/\/www.boletimosotogari.com\/2021\/06\/abji-realiza-reuniao-online-para.html\" target=\"_blank\" rel=\"noreferrer noopener\">Boletim Osotogari<\/a><\/p>\n<div class=\"gsp_post_data\" \r\n\t            data-post_type=\"post\" \r\n\t            data-cat=\"noticias\" \r\n\t            data-modified=\"120\"\r\n\t            data-created=\"1622674140\"\r\n\t            data-title=\"ABJI realiza reuni\u00e3o online para planejamento de a\u00e7\u00f5es do jud\u00f4 inclusivo\" \r\n\t            data-home=\"https:\/\/abji.com.br\/wp\"><\/div>","protected":false},"excerpt":{"rendered":"<p>A Associa\u00e7\u00e3o Brasileira de Jud\u00f4 Inclusivo (ABJI) ap\u00f3s passar pelo per\u00edodo de luto pelo falecimento do presidente sensei Giovani Ferreira, realizou no \u00faltimo s\u00e1bado, 29 de maio, uma reuni\u00e3o on-line com a participa\u00e7\u00e3o de toda diretoria, pais, alunos, professores e familiares, para a retomada das a\u00e7\u00f5es e an\u00fancio  das pr\u00f3ximas a\u00e7\u00f5es em prol do jud\u00f4 inclusivo.  (Leia Mais)<\/p>\n","protected":false},"author":2,"featured_media":224,"comment_status":"open","ping_status":"open","sticky":false,"template":"","format":"standard","meta":{"_monsterinsights_skip_tracking":false,"_monsterinsights_sitenote_active":false,"_monsterinsights_sitenote_note":"","_monsterinsights_sitenote_category":0,"footnotes":""},"categories":[4],"tags":[8,12,32,31],"class_list":["post-223","post","type-post","status-publish","format-standard","has-post-thumbnail","hentry","category-noticias","tag-abji","tag-judo-inclusivo","tag-planejamento","tag-reuniao"],"_links":{"self":[{"href":"https:\/\/abji.com.br\/wp\/wp-json\/wp\/v2\/posts\/223","targetHints":{"allow":["GET"]}}],"collection":[{"href":"https:\/\/abji.com.br\/wp\/wp-json\/wp\/v2\/posts"}],"about":[{"href":"https:\/\/abji.com.br\/wp\/wp-json\/wp\/v2\/types\/post"}],"author":[{"embeddable":true,"href":"https:\/\/abji.com.br\/wp\/wp-json\/wp\/v2\/users\/2"}],"replies":[{"embeddable":true,"href":"https:\/\/abji.com.br\/wp\/wp-json\/wp\/v2\/comments?post=223"}],"version-history":[{"count":1,"href":"https:\/\/abji.com.br\/wp\/wp-json\/wp\/v2\/posts\/223\/revisions"}],"predecessor-version":[{"id":225,"href":"https:\/\/abji.com.br\/wp\/wp-json\/wp\/v2\/posts\/223\/revisions\/225"}],"wp:featuredmedia":[{"embeddable":true,"href":"https:\/\/abji.com.br\/wp\/wp-json\/wp\/v2\/media\/224"}],"wp:attachment":[{"href":"https:\/\/abji.com.br\/wp\/wp-json\/wp\/v2\/media?parent=223"}],"wp:term":[{"taxonomy":"category","embeddable":true,"href":"https:\/\/abji.com.br\/wp\/wp-json\/wp\/v2\/categories?post=223"},{"taxonomy":"post_tag","embeddable":true,"href":"https:\/\/abji.com.br\/wp\/wp-json\/wp\/v2\/tags?post=223"}],"curies":[{"name":"wp","href":"https:\/\/api.w.org\/{rel}","templated":true}]}}