{"id":251,"date":"2021-06-03T21:41:00","date_gmt":"2021-06-04T00:41:00","guid":{"rendered":"https:\/\/abji.com.br\/wp\/?p=251"},"modified":"2021-07-03T21:52:26","modified_gmt":"2021-07-04T00:52:26","slug":"reuniao-com-federacao-catarinense-de-judo","status":"publish","type":"post","link":"https:\/\/abji.com.br\/wp\/2021\/06\/03\/reuniao-com-federacao-catarinense-de-judo\/","title":{"rendered":"Reuni\u00e3o com Federa\u00e7\u00e3o Catarinense de Jud\u00f4"},"content":{"rendered":"\n<p>Nesta \u00faltima quarta-feira 09\/06 a diretoria da ABJI se reuniu com a presid\u00eancia da Federa\u00e7\u00e3o Catarinense de Jud\u00f4 (FCJ), estava presente Sr. Moises Gonzaga Penso, presidente da FCJ e o Sr. Julio Ara\u00fajo, coordenador de cursos.<\/p>\n\n\n\n<p><br>Foram discutidos muitos assuntos em prol do Jud\u00f4 Inclusivo e sobre darmos continuidade no legado deixado pelo saudoso sensei Giovani Ferreira, presidente de Honra da ABJI e natural deste estado.<\/p>\n\n\n\n<p><br>A Federa\u00e7\u00e3o Catarinense de Jud\u00f4, foi muito receptiva e firmou a parceria com a ABJI, alinhamos a\u00e7\u00f5es importantes dentro do estado.<\/p>\n\n\n\n<p><br>E vamos em frente.<\/p>\n<div class=\"gsp_post_data\" \r\n\t            data-post_type=\"post\" \r\n\t            data-cat=\"noticias\" \r\n\t            data-modified=\"120\"\r\n\t            data-created=\"1622756460\"\r\n\t            data-title=\"Reuni\u00e3o com Federa\u00e7\u00e3o Catarinense de Jud\u00f4\" \r\n\t            data-home=\"https:\/\/abji.com.br\/wp\"><\/div>","protected":false},"excerpt":{"rendered":"<p>Nesta \u00faltima quarta-feira 09\/06 a diretoria da ABJI se reuniu com a presid\u00eancia da Federa\u00e7\u00e3o Catarinense de Jud\u00f4 (FCJ). (Leia Mais)<\/p>\n","protected":false},"author":2,"featured_media":252,"comment_status":"open","ping_status":"open","sticky":false,"template":"","format":"standard","meta":{"_monsterinsights_skip_tracking":false,"_monsterinsights_sitenote_active":false,"_monsterinsights_sitenote_note":"","_monsterinsights_sitenote_category":0,"footnotes":""},"categories":[4],"tags":[18,34,35],"class_list":["post-251","post","type-post","status-publish","format-standard","has-post-thumbnail","hentry","category-noticias","tag-fcj","tag-federacao-catarinense-de-judo","tag-parceria"],"_links":{"self":[{"href":"https:\/\/abji.com.br\/wp\/wp-json\/wp\/v2\/posts\/251","targetHints":{"allow":["GET"]}}],"collection":[{"href":"https:\/\/abji.com.br\/wp\/wp-json\/wp\/v2\/posts"}],"about":[{"href":"https:\/\/abji.com.br\/wp\/wp-json\/wp\/v2\/types\/post"}],"author":[{"embeddable":true,"href":"https:\/\/abji.com.br\/wp\/wp-json\/wp\/v2\/users\/2"}],"replies":[{"embeddable":true,"href":"https:\/\/abji.com.br\/wp\/wp-json\/wp\/v2\/comments?post=251"}],"version-history":[{"count":1,"href":"https:\/\/abji.com.br\/wp\/wp-json\/wp\/v2\/posts\/251\/revisions"}],"predecessor-version":[{"id":255,"href":"https:\/\/abji.com.br\/wp\/wp-json\/wp\/v2\/posts\/251\/revisions\/255"}],"wp:featuredmedia":[{"embeddable":true,"href":"https:\/\/abji.com.br\/wp\/wp-json\/wp\/v2\/media\/252"}],"wp:attachment":[{"href":"https:\/\/abji.com.br\/wp\/wp-json\/wp\/v2\/media?parent=251"}],"wp:term":[{"taxonomy":"category","embeddable":true,"href":"https:\/\/abji.com.br\/wp\/wp-json\/wp\/v2\/categories?post=251"},{"taxonomy":"post_tag","embeddable":true,"href":"https:\/\/abji.com.br\/wp\/wp-json\/wp\/v2\/tags?post=251"}],"curies":[{"name":"wp","href":"https:\/\/api.w.org\/{rel}","templated":true}]}}