{"id":263,"date":"2021-06-28T22:01:00","date_gmt":"2021-06-29T01:01:00","guid":{"rendered":"https:\/\/abji.com.br\/wp\/?p=263"},"modified":"2021-08-12T02:14:45","modified_gmt":"2021-08-12T05:14:45","slug":"reuniao-com-a-federacao-de-judo-do-estado-do-rio-de-janeiro","status":"publish","type":"post","link":"https:\/\/abji.com.br\/wp\/2021\/06\/28\/reuniao-com-a-federacao-de-judo-do-estado-do-rio-de-janeiro\/","title":{"rendered":"Reuni\u00e3o com a Federa\u00e7\u00e3o de Jud\u00f4 do Estado do Rio de Janeiro"},"content":{"rendered":"\n<p>Nesta \u00faltima segunda-feira 28\/06 a diretoria da ABJI se reuniu com a presid\u00eancia da Federa\u00e7\u00e3o de Jud\u00f4 Estado do Rio de Janeiro (FJERJ), estavam presentes o Sr. Jucinei Gon\u00e7alves da Costa, presidente da FJERJ e o Sr Jeferson da Rocha Vieira, vice-presidente, dentre muitos assuntos conversando sobre o crescimento do Jud\u00f4 Inclusivo, alinhamos nossas a\u00e7\u00f5es, estreitamos nossas rela\u00e7\u00f5es e conquistamos mais uma parceria.<\/p>\n\n\n\n<p>Agradecemos a aten\u00e7\u00e3o da Federa\u00e7\u00e3o de Jud\u00f4 Estado do Rio de Janeiro e continuamos na luta.<\/p>\n<div class=\"gsp_post_data\" \r\n\t            data-post_type=\"post\" \r\n\t            data-cat=\"noticias\" \r\n\t            data-modified=\"120\"\r\n\t            data-created=\"1624917660\"\r\n\t            data-title=\"Reuni\u00e3o com a Federa\u00e7\u00e3o de Jud\u00f4 do Estado do Rio de Janeiro\" \r\n\t            data-home=\"https:\/\/abji.com.br\/wp\"><\/div>","protected":false},"excerpt":{"rendered":"<p>Nesta \u00faltima segunda-feira 28\/06 a diretoria da ABJI se reuniu com a presid\u00eancia da Federa\u00e7\u00e3o de Jud\u00f4 Estado do Rio de Janeiro (FJERJ). (Leia Mais)<\/p>\n","protected":false},"author":2,"featured_media":264,"comment_status":"closed","ping_status":"open","sticky":false,"template":"","format":"standard","meta":{"_monsterinsights_skip_tracking":false,"_monsterinsights_sitenote_active":false,"_monsterinsights_sitenote_note":"","_monsterinsights_sitenote_category":0,"footnotes":""},"categories":[4],"tags":[38,35,31],"class_list":["post-263","post","type-post","status-publish","format-standard","has-post-thumbnail","hentry","category-noticias","tag-fjerj","tag-parceria","tag-reuniao"],"_links":{"self":[{"href":"https:\/\/abji.com.br\/wp\/wp-json\/wp\/v2\/posts\/263","targetHints":{"allow":["GET"]}}],"collection":[{"href":"https:\/\/abji.com.br\/wp\/wp-json\/wp\/v2\/posts"}],"about":[{"href":"https:\/\/abji.com.br\/wp\/wp-json\/wp\/v2\/types\/post"}],"author":[{"embeddable":true,"href":"https:\/\/abji.com.br\/wp\/wp-json\/wp\/v2\/users\/2"}],"replies":[{"embeddable":true,"href":"https:\/\/abji.com.br\/wp\/wp-json\/wp\/v2\/comments?post=263"}],"version-history":[{"count":1,"href":"https:\/\/abji.com.br\/wp\/wp-json\/wp\/v2\/posts\/263\/revisions"}],"predecessor-version":[{"id":265,"href":"https:\/\/abji.com.br\/wp\/wp-json\/wp\/v2\/posts\/263\/revisions\/265"}],"wp:featuredmedia":[{"embeddable":true,"href":"https:\/\/abji.com.br\/wp\/wp-json\/wp\/v2\/media\/264"}],"wp:attachment":[{"href":"https:\/\/abji.com.br\/wp\/wp-json\/wp\/v2\/media?parent=263"}],"wp:term":[{"taxonomy":"category","embeddable":true,"href":"https:\/\/abji.com.br\/wp\/wp-json\/wp\/v2\/categories?post=263"},{"taxonomy":"post_tag","embeddable":true,"href":"https:\/\/abji.com.br\/wp\/wp-json\/wp\/v2\/tags?post=263"}],"curies":[{"name":"wp","href":"https:\/\/api.w.org\/{rel}","templated":true}]}}