{"id":850,"date":"2022-04-24T11:38:17","date_gmt":"2022-04-24T14:38:17","guid":{"rendered":"https:\/\/abji.com.br\/wp\/?p=850"},"modified":"2022-04-24T11:38:18","modified_gmt":"2022-04-24T14:38:18","slug":"a-diretoria-da-abji-se-reuniu-para-planejar-as-proximas-acoes","status":"publish","type":"post","link":"https:\/\/abji.com.br\/wp\/2022\/04\/24\/a-diretoria-da-abji-se-reuniu-para-planejar-as-proximas-acoes\/","title":{"rendered":"A Diretoria da ABJI se reuniu para planejar as pr\u00f3ximas a\u00e7\u00f5es"},"content":{"rendered":"\n<p>A Diretoria da ABJI se reuniu no ultimo Domingo (24\/04), para planejar as pr\u00f3ximas a\u00e7\u00f5es. Na pauta foram debatidos v\u00e1rios projetos, entre eles a organiza\u00e7\u00e3o do ABJI OPEN de Jud\u00f4 Funcional on-line e o OPEN NORDESTE DE JUD\u00d4, que ser\u00e1 realizado em Macei\u00f3\/Alagoas, entre os dias 19 e 20 de agosto.<br>A reuni\u00e3o contou com a presen\u00e7a dos membros da Diretoria e coordena\u00e7\u00f5es: Eduardo Nascimento, Felipe Vasconcelos, Adriana Ferreira, Silvio Silva, Maria In\u00eas Queiroga, Gelta Cherem, Luiz Fossati, Ana Paula Mar\u00e7al, Elizabeth Nascimento e Cleverson Fidelis.<\/p>\n\n\n\n<figure class=\"wp-block-image size-large\"><img loading=\"lazy\" decoding=\"async\" width=\"1024\" height=\"583\" src=\"https:\/\/abji.com.br\/wp\/wp-content\/uploads\/2022\/04\/2022-04-24-1024x583.png\" alt=\"\" class=\"wp-image-851\" srcset=\"https:\/\/abji.com.br\/wp\/wp-content\/uploads\/2022\/04\/2022-04-24-1024x583.png 1024w, https:\/\/abji.com.br\/wp\/wp-content\/uploads\/2022\/04\/2022-04-24-300x171.png 300w, https:\/\/abji.com.br\/wp\/wp-content\/uploads\/2022\/04\/2022-04-24-768x437.png 768w, https:\/\/abji.com.br\/wp\/wp-content\/uploads\/2022\/04\/2022-04-24.png 1161w\" sizes=\"auto, (max-width: 1024px) 100vw, 1024px\" \/><\/figure>\n<div class=\"gsp_post_data\" \r\n\t            data-post_type=\"post\" \r\n\t            data-cat=\"noticias\" \r\n\t            data-modified=\"120\"\r\n\t            data-created=\"1650800297\"\r\n\t            data-title=\"A Diretoria da ABJI se reuniu para planejar as pr\u00f3ximas a\u00e7\u00f5es\" \r\n\t            data-home=\"https:\/\/abji.com.br\/wp\"><\/div>","protected":false},"excerpt":{"rendered":"<p>A Diretoria da ABJI se reuniu no ultimo Domingo (24\/04), para planejar as pr\u00f3ximas a\u00e7\u00f5es. (Leia Mais).<\/p>\n","protected":false},"author":2,"featured_media":852,"comment_status":"closed","ping_status":"open","sticky":false,"template":"","format":"standard","meta":{"_monsterinsights_skip_tracking":false,"_monsterinsights_sitenote_active":false,"_monsterinsights_sitenote_note":"","_monsterinsights_sitenote_category":0,"footnotes":""},"categories":[4],"tags":[8,11,10,12,35,31],"class_list":["post-850","post","type-post","status-publish","format-standard","has-post-thumbnail","hentry","category-noticias","tag-abji","tag-inclusivo","tag-judo","tag-judo-inclusivo","tag-parceria","tag-reuniao"],"_links":{"self":[{"href":"https:\/\/abji.com.br\/wp\/wp-json\/wp\/v2\/posts\/850","targetHints":{"allow":["GET"]}}],"collection":[{"href":"https:\/\/abji.com.br\/wp\/wp-json\/wp\/v2\/posts"}],"about":[{"href":"https:\/\/abji.com.br\/wp\/wp-json\/wp\/v2\/types\/post"}],"author":[{"embeddable":true,"href":"https:\/\/abji.com.br\/wp\/wp-json\/wp\/v2\/users\/2"}],"replies":[{"embeddable":true,"href":"https:\/\/abji.com.br\/wp\/wp-json\/wp\/v2\/comments?post=850"}],"version-history":[{"count":1,"href":"https:\/\/abji.com.br\/wp\/wp-json\/wp\/v2\/posts\/850\/revisions"}],"predecessor-version":[{"id":853,"href":"https:\/\/abji.com.br\/wp\/wp-json\/wp\/v2\/posts\/850\/revisions\/853"}],"wp:featuredmedia":[{"embeddable":true,"href":"https:\/\/abji.com.br\/wp\/wp-json\/wp\/v2\/media\/852"}],"wp:attachment":[{"href":"https:\/\/abji.com.br\/wp\/wp-json\/wp\/v2\/media?parent=850"}],"wp:term":[{"taxonomy":"category","embeddable":true,"href":"https:\/\/abji.com.br\/wp\/wp-json\/wp\/v2\/categories?post=850"},{"taxonomy":"post_tag","embeddable":true,"href":"https:\/\/abji.com.br\/wp\/wp-json\/wp\/v2\/tags?post=850"}],"curies":[{"name":"wp","href":"https:\/\/api.w.org\/{rel}","templated":true}]}}